{"id":5005,"date":"2025-07-10T16:30:16","date_gmt":"2025-07-10T21:30:16","guid":{"rendered":"https:\/\/investinmanizales.org\/?p=5005"},"modified":"2025-07-10T16:30:16","modified_gmt":"2025-07-10T21:30:16","slug":"invest-in-manizales-fortalece-lazos-con-el-sector-empresarial-de-cali-para-atraer-inversion-y-talento-a-la-region","status":"publish","type":"post","link":"https:\/\/investinmanizales.org\/en\/invest-in-manizales-fortalece-lazos-con-el-sector-empresarial-de-cali-para-atraer-inversion-y-talento-a-la-region\/","title":{"rendered":"Invest In Manizales fortalece lazos con el sector empresarial de Cali para atraer inversi\u00f3n y talento a la regi\u00f3n"},"content":{"rendered":"<p><strong>MANIZALES, CALDAS \u2013 9 de julio de 2025<\/strong> \u2013 Invest In Manizales, avanza en su estrategia de posicionamiento nacional con la realizaci\u00f3n del encuentro de negocios \u201cUn Desayuno con Manizales\u201d. El evento, celebrado el 8 de julio en el Hotel Intercontinental de Cali, congreg\u00f3 a 11 destacados empresarios de la capital vallecaucana.<\/p>\n\n\n\n<p>El encuentro tuvo como objetivo principal presentar la robusta propuesta de valor de Manizales y el departamento de Caldas como un destino estrat\u00e9gico para la expansi\u00f3n de negocios y la inversi\u00f3n. Se exploraron oportunidades concretas con empresas de sectores clave como Tecnolog\u00edas de la Informaci\u00f3n (TI), construcci\u00f3n, turismo, alimentos y metalmec\u00e1nica.<\/p>\n\n\n\n<figure class=\"wp-block-image size-large\"><img fetchpriority=\"high\" decoding=\"async\" width=\"1024\" height=\"576\" src=\"https:\/\/investinmanizales.org\/wp-content\/uploads\/2025\/07\/Imagen-de-WhatsApp-2025-07-08-a-las-10.19.54_34f2efc4-1024x576.jpg\" alt=\"\" class=\"wp-image-5008\" srcset=\"https:\/\/investinmanizales.org\/wp-content\/uploads\/2025\/07\/Imagen-de-WhatsApp-2025-07-08-a-las-10.19.54_34f2efc4-1024x576.jpg 1024w, https:\/\/investinmanizales.org\/wp-content\/uploads\/2025\/07\/Imagen-de-WhatsApp-2025-07-08-a-las-10.19.54_34f2efc4-300x169.jpg 300w, https:\/\/investinmanizales.org\/wp-content\/uploads\/2025\/07\/Imagen-de-WhatsApp-2025-07-08-a-las-10.19.54_34f2efc4-768x432.jpg 768w, https:\/\/investinmanizales.org\/wp-content\/uploads\/2025\/07\/Imagen-de-WhatsApp-2025-07-08-a-las-10.19.54_34f2efc4-1536x864.jpg 1536w, https:\/\/investinmanizales.org\/wp-content\/uploads\/2025\/07\/Imagen-de-WhatsApp-2025-07-08-a-las-10.19.54_34f2efc4-2048x1152.jpg 2048w, https:\/\/investinmanizales.org\/wp-content\/uploads\/2025\/07\/Imagen-de-WhatsApp-2025-07-08-a-las-10.19.54_34f2efc4-18x10.jpg 18w\" sizes=\"(max-width: 1024px) 100vw, 1024px\" \/><\/figure>\n\n\n\n<p>Durante la jornada, se destacaron dos grandes frentes de oportunidad:<\/p>\n\n\n\n<ol start=\"1\" class=\"wp-block-list\">\n<li><strong>Expansi\u00f3n e Inversi\u00f3n:<\/strong> Se presentaron las ventajas competitivas de la regi\u00f3n, incluyendo su ecosistema empresarial din\u00e1mico, los incentivos existentes y la alta calidad de vida, como factores decisivos para que las empresas establezcan o expandan sus operaciones en Manizales.<\/li>\n\n\n\n<li><strong>Hub de Talento (Talent Hub):<\/strong> Se hizo especial \u00e9nfasis en la capacidad de Manizales para suplir la demanda de personal calificado. Para las empresas del sector TI, se subray\u00f3 la posibilidad de contratar equipos de trabajo remotos o establecer centros de servicios, aprovechando el reconocido talento de los profesionales formados en las universidades de la ciudad.<\/li>\n<\/ol>\n\n\n\n<p>Esta iniciativa es el resultado de una s\u00f3lida alianza interinstitucional que busca promover el desarrollo econ\u00f3mico de la regi\u00f3n. El evento cont\u00f3 con el apoyo fundamental de la <strong>Alcald\u00eda de Manizales<\/strong>, la <strong>C\u00e1mara de Comercio de Manizales por Caldas<\/strong>, <strong>Cotelco Caldas<\/strong>, la agencia de promoci\u00f3n de turismo <strong>Visit Manizales<\/strong> y la <strong>Promotora de Eventos y Turismo<\/strong>.<\/p>\n\n\n\n<p>Desde Invest In Manizales iniciaremos un proceso de seguimiento con cada una de las 11 empresas asistentes para profundizar en sus proyectos de expansi\u00f3n y facilitar su potencial aterrizaje en la regi\u00f3n.<\/p>","protected":false},"excerpt":{"rendered":"<p>MANIZALES, CALDAS \u2013 9 de julio de 2025 \u2013 Invest In Manizales, avanza en su estrategia de posicionamiento nacional con la realizaci\u00f3n del encuentro de negocios \u201cUn Desayuno con Manizales\u201d. El evento, celebrado el 8 de julio en el Hotel Intercontinental de Cali, congreg\u00f3 a 11 destacados empresarios de la capital vallecaucana. El encuentro tuvo [&hellip;]<\/p>\n","protected":false},"author":4,"featured_media":5007,"comment_status":"open","ping_status":"open","sticky":false,"template":"","format":"standard","meta":{"footnotes":""},"categories":[1],"tags":[],"class_list":["post-5005","post","type-post","status-publish","format-standard","has-post-thumbnail","hentry","category-sin-categoria"],"yoast_head":"<!-- This site is optimized with the Yoast SEO Premium plugin v22.1 (Yoast SEO v27.5) - https:\/\/yoast.com\/product\/yoast-seo-premium-wordpress\/ -->\n<title>Invest In Manizales fortalece lazos con el sector empresarial de Cali para atraer inversi\u00f3n y talento a la regi\u00f3n - Invest In Manizales<\/title>\n<meta name=\"robots\" content=\"index, follow, max-snippet:-1, max-image-preview:large, max-video-preview:-1\" \/>\n<link rel=\"canonical\" href=\"https:\/\/investinmanizales.org\/en\/invest-in-manizales-fortalece-lazos-con-el-sector-empresarial-de-cali-para-atraer-inversion-y-talento-a-la-region\/\" \/>\n<meta property=\"og:locale\" content=\"en_US\" \/>\n<meta property=\"og:type\" content=\"article\" \/>\n<meta property=\"og:title\" content=\"Invest In Manizales fortalece lazos con el sector empresarial de Cali para atraer inversi\u00f3n y talento a la regi\u00f3n\" \/>\n<meta property=\"og:description\" content=\"MANIZALES, CALDAS \u2013 9 de julio de 2025 \u2013 Invest In Manizales, avanza en su estrategia de posicionamiento nacional con la realizaci\u00f3n del encuentro de negocios \u201cUn Desayuno con Manizales\u201d. El evento, celebrado el 8 de julio en el Hotel Intercontinental de Cali, congreg\u00f3 a 11 destacados empresarios de la capital vallecaucana. El encuentro tuvo [&hellip;]\" \/>\n<meta property=\"og:url\" content=\"https:\/\/investinmanizales.org\/en\/invest-in-manizales-fortalece-lazos-con-el-sector-empresarial-de-cali-para-atraer-inversion-y-talento-a-la-region\/\" \/>\n<meta property=\"og:site_name\" content=\"Invest In Manizales\" \/>\n<meta property=\"article:published_time\" content=\"2025-07-10T21:30:16+00:00\" \/>\n<meta property=\"og:image\" content=\"https:\/\/investinmanizales.org\/wp-content\/uploads\/2025\/07\/Imagen-de-WhatsApp-2025-07-08-a-las-10.19.50_f1ab5aa8-scaled.jpg\" \/>\n\t<meta property=\"og:image:width\" content=\"2560\" \/>\n\t<meta property=\"og:image:height\" content=\"1440\" \/>\n\t<meta property=\"og:image:type\" content=\"image\/jpeg\" \/>\n<meta name=\"author\" content=\"Sectores\" \/>\n<meta name=\"twitter:card\" content=\"summary_large_image\" \/>\n<meta name=\"twitter:label1\" content=\"Written by\" \/>\n\t<meta name=\"twitter:data1\" content=\"Sectores\" \/>\n\t<meta name=\"twitter:label2\" content=\"Est. reading time\" \/>\n\t<meta name=\"twitter:data2\" content=\"2 minutes\" \/>\n<script type=\"application\/ld+json\" class=\"yoast-schema-graph\">{\"@context\":\"https:\\\/\\\/schema.org\",\"@graph\":[{\"@type\":\"Article\",\"@id\":\"https:\\\/\\\/investinmanizales.org\\\/invest-in-manizales-fortalece-lazos-con-el-sector-empresarial-de-cali-para-atraer-inversion-y-talento-a-la-region\\\/#article\",\"isPartOf\":{\"@id\":\"https:\\\/\\\/investinmanizales.org\\\/invest-in-manizales-fortalece-lazos-con-el-sector-empresarial-de-cali-para-atraer-inversion-y-talento-a-la-region\\\/\"},\"author\":{\"name\":\"Sectores\",\"@id\":\"https:\\\/\\\/investinmanizales.org\\\/#\\\/schema\\\/person\\\/87eed2ef0b76f6ad075dae240cd48110\"},\"headline\":\"Invest In Manizales fortalece lazos con el sector empresarial de Cali para atraer inversi\u00f3n y talento a la regi\u00f3n\",\"datePublished\":\"2025-07-10T21:30:16+00:00\",\"mainEntityOfPage\":{\"@id\":\"https:\\\/\\\/investinmanizales.org\\\/invest-in-manizales-fortalece-lazos-con-el-sector-empresarial-de-cali-para-atraer-inversion-y-talento-a-la-region\\\/\"},\"wordCount\":330,\"commentCount\":0,\"publisher\":{\"@id\":\"https:\\\/\\\/investinmanizales.org\\\/#organization\"},\"image\":{\"@id\":\"https:\\\/\\\/investinmanizales.org\\\/invest-in-manizales-fortalece-lazos-con-el-sector-empresarial-de-cali-para-atraer-inversion-y-talento-a-la-region\\\/#primaryimage\"},\"thumbnailUrl\":\"https:\\\/\\\/investinmanizales.org\\\/wp-content\\\/uploads\\\/2025\\\/07\\\/Imagen-de-WhatsApp-2025-07-08-a-las-10.19.50_f1ab5aa8-scaled.jpg\",\"articleSection\":[\"Sin categor\u00eda\"],\"inLanguage\":\"en-US\",\"potentialAction\":[{\"@type\":\"CommentAction\",\"name\":\"Comment\",\"target\":[\"https:\\\/\\\/investinmanizales.org\\\/invest-in-manizales-fortalece-lazos-con-el-sector-empresarial-de-cali-para-atraer-inversion-y-talento-a-la-region\\\/#respond\"]}]},{\"@type\":\"WebPage\",\"@id\":\"https:\\\/\\\/investinmanizales.org\\\/invest-in-manizales-fortalece-lazos-con-el-sector-empresarial-de-cali-para-atraer-inversion-y-talento-a-la-region\\\/\",\"url\":\"https:\\\/\\\/investinmanizales.org\\\/invest-in-manizales-fortalece-lazos-con-el-sector-empresarial-de-cali-para-atraer-inversion-y-talento-a-la-region\\\/\",\"name\":\"Invest In Manizales fortalece lazos con el sector empresarial de Cali para atraer inversi\u00f3n y talento a la regi\u00f3n - Invest In Manizales\",\"isPartOf\":{\"@id\":\"https:\\\/\\\/investinmanizales.org\\\/#website\"},\"primaryImageOfPage\":{\"@id\":\"https:\\\/\\\/investinmanizales.org\\\/invest-in-manizales-fortalece-lazos-con-el-sector-empresarial-de-cali-para-atraer-inversion-y-talento-a-la-region\\\/#primaryimage\"},\"image\":{\"@id\":\"https:\\\/\\\/investinmanizales.org\\\/invest-in-manizales-fortalece-lazos-con-el-sector-empresarial-de-cali-para-atraer-inversion-y-talento-a-la-region\\\/#primaryimage\"},\"thumbnailUrl\":\"https:\\\/\\\/investinmanizales.org\\\/wp-content\\\/uploads\\\/2025\\\/07\\\/Imagen-de-WhatsApp-2025-07-08-a-las-10.19.50_f1ab5aa8-scaled.jpg\",\"datePublished\":\"2025-07-10T21:30:16+00:00\",\"breadcrumb\":{\"@id\":\"https:\\\/\\\/investinmanizales.org\\\/invest-in-manizales-fortalece-lazos-con-el-sector-empresarial-de-cali-para-atraer-inversion-y-talento-a-la-region\\\/#breadcrumb\"},\"inLanguage\":\"en-US\",\"potentialAction\":[{\"@type\":\"ReadAction\",\"target\":[\"https:\\\/\\\/investinmanizales.org\\\/invest-in-manizales-fortalece-lazos-con-el-sector-empresarial-de-cali-para-atraer-inversion-y-talento-a-la-region\\\/\"]}]},{\"@type\":\"ImageObject\",\"inLanguage\":\"en-US\",\"@id\":\"https:\\\/\\\/investinmanizales.org\\\/invest-in-manizales-fortalece-lazos-con-el-sector-empresarial-de-cali-para-atraer-inversion-y-talento-a-la-region\\\/#primaryimage\",\"url\":\"https:\\\/\\\/investinmanizales.org\\\/wp-content\\\/uploads\\\/2025\\\/07\\\/Imagen-de-WhatsApp-2025-07-08-a-las-10.19.50_f1ab5aa8-scaled.jpg\",\"contentUrl\":\"https:\\\/\\\/investinmanizales.org\\\/wp-content\\\/uploads\\\/2025\\\/07\\\/Imagen-de-WhatsApp-2025-07-08-a-las-10.19.50_f1ab5aa8-scaled.jpg\",\"width\":2560,\"height\":1440},{\"@type\":\"BreadcrumbList\",\"@id\":\"https:\\\/\\\/investinmanizales.org\\\/invest-in-manizales-fortalece-lazos-con-el-sector-empresarial-de-cali-para-atraer-inversion-y-talento-a-la-region\\\/#breadcrumb\",\"itemListElement\":[{\"@type\":\"ListItem\",\"position\":1,\"name\":\"Portada\",\"item\":\"https:\\\/\\\/investinmanizales.org\\\/\"},{\"@type\":\"ListItem\",\"position\":2,\"name\":\"Invest In Manizales fortalece lazos con el sector empresarial de Cali para atraer inversi\u00f3n y talento a la regi\u00f3n\"}]},{\"@type\":\"WebSite\",\"@id\":\"https:\\\/\\\/investinmanizales.org\\\/#website\",\"url\":\"https:\\\/\\\/investinmanizales.org\\\/\",\"name\":\"Invest In Manizales\",\"description\":\"Sitio oficial de Invest in Manizales la agencia encargada de la atracci\u00f3n de inversi\u00f3n para Manizales\",\"publisher\":{\"@id\":\"https:\\\/\\\/investinmanizales.org\\\/#organization\"},\"potentialAction\":[{\"@type\":\"SearchAction\",\"target\":{\"@type\":\"EntryPoint\",\"urlTemplate\":\"https:\\\/\\\/investinmanizales.org\\\/?s={search_term_string}\"},\"query-input\":{\"@type\":\"PropertyValueSpecification\",\"valueRequired\":true,\"valueName\":\"search_term_string\"}}],\"inLanguage\":\"en-US\"},{\"@type\":\"Organization\",\"@id\":\"https:\\\/\\\/investinmanizales.org\\\/#organization\",\"name\":\"Invest In Manizales\",\"url\":\"https:\\\/\\\/investinmanizales.org\\\/\",\"logo\":{\"@type\":\"ImageObject\",\"inLanguage\":\"en-US\",\"@id\":\"https:\\\/\\\/investinmanizales.org\\\/#\\\/schema\\\/logo\\\/image\\\/\",\"url\":\"https:\\\/\\\/investinmanizales.org\\\/wp-content\\\/uploads\\\/2020\\\/12\\\/LogoInvestNegativo.png\",\"contentUrl\":\"https:\\\/\\\/investinmanizales.org\\\/wp-content\\\/uploads\\\/2020\\\/12\\\/LogoInvestNegativo.png\",\"width\":350,\"height\":100,\"caption\":\"Invest In Manizales\"},\"image\":{\"@id\":\"https:\\\/\\\/investinmanizales.org\\\/#\\\/schema\\\/logo\\\/image\\\/\"}},{\"@type\":\"Person\",\"@id\":\"https:\\\/\\\/investinmanizales.org\\\/#\\\/schema\\\/person\\\/87eed2ef0b76f6ad075dae240cd48110\",\"name\":\"Sectores\",\"image\":{\"@type\":\"ImageObject\",\"inLanguage\":\"en-US\",\"@id\":\"https:\\\/\\\/secure.gravatar.com\\\/avatar\\\/8b4fa2bee7692d0690c06457a8a3e0214950c103388762c7b053e2a5bc104180?s=96&d=mm&r=g\",\"url\":\"https:\\\/\\\/secure.gravatar.com\\\/avatar\\\/8b4fa2bee7692d0690c06457a8a3e0214950c103388762c7b053e2a5bc104180?s=96&d=mm&r=g\",\"contentUrl\":\"https:\\\/\\\/secure.gravatar.com\\\/avatar\\\/8b4fa2bee7692d0690c06457a8a3e0214950c103388762c7b053e2a5bc104180?s=96&d=mm&r=g\",\"caption\":\"Sectores\"},\"url\":\"https:\\\/\\\/investinmanizales.org\\\/en\\\/author\\\/sectoresinvestinmanizales-org\\\/\"}]}<\/script>\n<!-- \/ Yoast SEO Premium plugin. -->","yoast_head_json":{"title":"Invest In Manizales fortalece lazos con el sector empresarial de Cali para atraer inversi\u00f3n y talento a la regi\u00f3n - Invest In Manizales","robots":{"index":"index","follow":"follow","max-snippet":"max-snippet:-1","max-image-preview":"max-image-preview:large","max-video-preview":"max-video-preview:-1"},"canonical":"https:\/\/investinmanizales.org\/en\/invest-in-manizales-fortalece-lazos-con-el-sector-empresarial-de-cali-para-atraer-inversion-y-talento-a-la-region\/","og_locale":"en_US","og_type":"article","og_title":"Invest In Manizales fortalece lazos con el sector empresarial de Cali para atraer inversi\u00f3n y talento a la regi\u00f3n","og_description":"MANIZALES, CALDAS \u2013 9 de julio de 2025 \u2013 Invest In Manizales, avanza en su estrategia de posicionamiento nacional con la realizaci\u00f3n del encuentro de negocios \u201cUn Desayuno con Manizales\u201d. El evento, celebrado el 8 de julio en el Hotel Intercontinental de Cali, congreg\u00f3 a 11 destacados empresarios de la capital vallecaucana. El encuentro tuvo [&hellip;]","og_url":"https:\/\/investinmanizales.org\/en\/invest-in-manizales-fortalece-lazos-con-el-sector-empresarial-de-cali-para-atraer-inversion-y-talento-a-la-region\/","og_site_name":"Invest In Manizales","article_published_time":"2025-07-10T21:30:16+00:00","og_image":[{"width":2560,"height":1440,"url":"https:\/\/investinmanizales.org\/wp-content\/uploads\/2025\/07\/Imagen-de-WhatsApp-2025-07-08-a-las-10.19.50_f1ab5aa8-scaled.jpg","type":"image\/jpeg"}],"author":"Sectores","twitter_card":"summary_large_image","twitter_misc":{"Written by":"Sectores","Est. reading time":"2 minutes"},"schema":{"@context":"https:\/\/schema.org","@graph":[{"@type":"Article","@id":"https:\/\/investinmanizales.org\/invest-in-manizales-fortalece-lazos-con-el-sector-empresarial-de-cali-para-atraer-inversion-y-talento-a-la-region\/#article","isPartOf":{"@id":"https:\/\/investinmanizales.org\/invest-in-manizales-fortalece-lazos-con-el-sector-empresarial-de-cali-para-atraer-inversion-y-talento-a-la-region\/"},"author":{"name":"Sectores","@id":"https:\/\/investinmanizales.org\/#\/schema\/person\/87eed2ef0b76f6ad075dae240cd48110"},"headline":"Invest In Manizales fortalece lazos con el sector empresarial de Cali para atraer inversi\u00f3n y talento a la regi\u00f3n","datePublished":"2025-07-10T21:30:16+00:00","mainEntityOfPage":{"@id":"https:\/\/investinmanizales.org\/invest-in-manizales-fortalece-lazos-con-el-sector-empresarial-de-cali-para-atraer-inversion-y-talento-a-la-region\/"},"wordCount":330,"commentCount":0,"publisher":{"@id":"https:\/\/investinmanizales.org\/#organization"},"image":{"@id":"https:\/\/investinmanizales.org\/invest-in-manizales-fortalece-lazos-con-el-sector-empresarial-de-cali-para-atraer-inversion-y-talento-a-la-region\/#primaryimage"},"thumbnailUrl":"https:\/\/investinmanizales.org\/wp-content\/uploads\/2025\/07\/Imagen-de-WhatsApp-2025-07-08-a-las-10.19.50_f1ab5aa8-scaled.jpg","articleSection":["Sin categor\u00eda"],"inLanguage":"en-US","potentialAction":[{"@type":"CommentAction","name":"Comment","target":["https:\/\/investinmanizales.org\/invest-in-manizales-fortalece-lazos-con-el-sector-empresarial-de-cali-para-atraer-inversion-y-talento-a-la-region\/#respond"]}]},{"@type":"WebPage","@id":"https:\/\/investinmanizales.org\/invest-in-manizales-fortalece-lazos-con-el-sector-empresarial-de-cali-para-atraer-inversion-y-talento-a-la-region\/","url":"https:\/\/investinmanizales.org\/invest-in-manizales-fortalece-lazos-con-el-sector-empresarial-de-cali-para-atraer-inversion-y-talento-a-la-region\/","name":"Invest In Manizales fortalece lazos con el sector empresarial de Cali para atraer inversi\u00f3n y talento a la regi\u00f3n - Invest In Manizales","isPartOf":{"@id":"https:\/\/investinmanizales.org\/#website"},"primaryImageOfPage":{"@id":"https:\/\/investinmanizales.org\/invest-in-manizales-fortalece-lazos-con-el-sector-empresarial-de-cali-para-atraer-inversion-y-talento-a-la-region\/#primaryimage"},"image":{"@id":"https:\/\/investinmanizales.org\/invest-in-manizales-fortalece-lazos-con-el-sector-empresarial-de-cali-para-atraer-inversion-y-talento-a-la-region\/#primaryimage"},"thumbnailUrl":"https:\/\/investinmanizales.org\/wp-content\/uploads\/2025\/07\/Imagen-de-WhatsApp-2025-07-08-a-las-10.19.50_f1ab5aa8-scaled.jpg","datePublished":"2025-07-10T21:30:16+00:00","breadcrumb":{"@id":"https:\/\/investinmanizales.org\/invest-in-manizales-fortalece-lazos-con-el-sector-empresarial-de-cali-para-atraer-inversion-y-talento-a-la-region\/#breadcrumb"},"inLanguage":"en-US","potentialAction":[{"@type":"ReadAction","target":["https:\/\/investinmanizales.org\/invest-in-manizales-fortalece-lazos-con-el-sector-empresarial-de-cali-para-atraer-inversion-y-talento-a-la-region\/"]}]},{"@type":"ImageObject","inLanguage":"en-US","@id":"https:\/\/investinmanizales.org\/invest-in-manizales-fortalece-lazos-con-el-sector-empresarial-de-cali-para-atraer-inversion-y-talento-a-la-region\/#primaryimage","url":"https:\/\/investinmanizales.org\/wp-content\/uploads\/2025\/07\/Imagen-de-WhatsApp-2025-07-08-a-las-10.19.50_f1ab5aa8-scaled.jpg","contentUrl":"https:\/\/investinmanizales.org\/wp-content\/uploads\/2025\/07\/Imagen-de-WhatsApp-2025-07-08-a-las-10.19.50_f1ab5aa8-scaled.jpg","width":2560,"height":1440},{"@type":"BreadcrumbList","@id":"https:\/\/investinmanizales.org\/invest-in-manizales-fortalece-lazos-con-el-sector-empresarial-de-cali-para-atraer-inversion-y-talento-a-la-region\/#breadcrumb","itemListElement":[{"@type":"ListItem","position":1,"name":"Portada","item":"https:\/\/investinmanizales.org\/"},{"@type":"ListItem","position":2,"name":"Invest In Manizales fortalece lazos con el sector empresarial de Cali para atraer inversi\u00f3n y talento a la regi\u00f3n"}]},{"@type":"WebSite","@id":"https:\/\/investinmanizales.org\/#website","url":"https:\/\/investinmanizales.org\/","name":"Invest In Manizales","description":"Sitio oficial de Invest in Manizales la agencia encargada de la atracci\u00f3n de inversi\u00f3n para Manizales","publisher":{"@id":"https:\/\/investinmanizales.org\/#organization"},"potentialAction":[{"@type":"SearchAction","target":{"@type":"EntryPoint","urlTemplate":"https:\/\/investinmanizales.org\/?s={search_term_string}"},"query-input":{"@type":"PropertyValueSpecification","valueRequired":true,"valueName":"search_term_string"}}],"inLanguage":"en-US"},{"@type":"Organization","@id":"https:\/\/investinmanizales.org\/#organization","name":"Invest In Manizales","url":"https:\/\/investinmanizales.org\/","logo":{"@type":"ImageObject","inLanguage":"en-US","@id":"https:\/\/investinmanizales.org\/#\/schema\/logo\/image\/","url":"https:\/\/investinmanizales.org\/wp-content\/uploads\/2020\/12\/LogoInvestNegativo.png","contentUrl":"https:\/\/investinmanizales.org\/wp-content\/uploads\/2020\/12\/LogoInvestNegativo.png","width":350,"height":100,"caption":"Invest In Manizales"},"image":{"@id":"https:\/\/investinmanizales.org\/#\/schema\/logo\/image\/"}},{"@type":"Person","@id":"https:\/\/investinmanizales.org\/#\/schema\/person\/87eed2ef0b76f6ad075dae240cd48110","name":"Sectores","image":{"@type":"ImageObject","inLanguage":"en-US","@id":"https:\/\/secure.gravatar.com\/avatar\/8b4fa2bee7692d0690c06457a8a3e0214950c103388762c7b053e2a5bc104180?s=96&d=mm&r=g","url":"https:\/\/secure.gravatar.com\/avatar\/8b4fa2bee7692d0690c06457a8a3e0214950c103388762c7b053e2a5bc104180?s=96&d=mm&r=g","contentUrl":"https:\/\/secure.gravatar.com\/avatar\/8b4fa2bee7692d0690c06457a8a3e0214950c103388762c7b053e2a5bc104180?s=96&d=mm&r=g","caption":"Sectores"},"url":"https:\/\/investinmanizales.org\/en\/author\/sectoresinvestinmanizales-org\/"}]}},"_links":{"self":[{"href":"https:\/\/investinmanizales.org\/en\/wp-json\/wp\/v2\/posts\/5005","targetHints":{"allow":["GET"]}}],"collection":[{"href":"https:\/\/investinmanizales.org\/en\/wp-json\/wp\/v2\/posts"}],"about":[{"href":"https:\/\/investinmanizales.org\/en\/wp-json\/wp\/v2\/types\/post"}],"author":[{"embeddable":true,"href":"https:\/\/investinmanizales.org\/en\/wp-json\/wp\/v2\/users\/4"}],"replies":[{"embeddable":true,"href":"https:\/\/investinmanizales.org\/en\/wp-json\/wp\/v2\/comments?post=5005"}],"version-history":[{"count":1,"href":"https:\/\/investinmanizales.org\/en\/wp-json\/wp\/v2\/posts\/5005\/revisions"}],"predecessor-version":[{"id":5009,"href":"https:\/\/investinmanizales.org\/en\/wp-json\/wp\/v2\/posts\/5005\/revisions\/5009"}],"wp:featuredmedia":[{"embeddable":true,"href":"https:\/\/investinmanizales.org\/en\/wp-json\/wp\/v2\/media\/5007"}],"wp:attachment":[{"href":"https:\/\/investinmanizales.org\/en\/wp-json\/wp\/v2\/media?parent=5005"}],"wp:term":[{"taxonomy":"category","embeddable":true,"href":"https:\/\/investinmanizales.org\/en\/wp-json\/wp\/v2\/categories?post=5005"},{"taxonomy":"post_tag","embeddable":true,"href":"https:\/\/investinmanizales.org\/en\/wp-json\/wp\/v2\/tags?post=5005"}],"curies":[{"name":"wp","href":"https:\/\/api.w.org\/{rel}","templated":true}]}}