{"id":4353,"date":"2024-09-26T17:40:27","date_gmt":"2024-09-26T22:40:27","guid":{"rendered":"https:\/\/investinmanizales.org\/?p=4353"},"modified":"2024-09-27T08:45:43","modified_gmt":"2024-09-27T13:45:43","slug":"invest-in-manizales-culmina-exitosa-mision-comercial-en-republica-dominicana-impulsando-sectores-de-logistica-y-tecnologia","status":"publish","type":"post","link":"https:\/\/investinmanizales.org\/en\/invest-in-manizales-culmina-exitosa-mision-comercial-en-republica-dominicana-impulsando-sectores-de-logistica-y-tecnologia\/","title":{"rendered":"Invest in Manizales culmina exitosa misi\u00f3n comercial en Rep\u00fablica Dominicana, impulsando sectores de log\u00edstica y tecnolog\u00eda."},"content":{"rendered":"<ul class=\"wp-block-list\">\n<li><strong><em>La misi\u00f3n comercial se llev\u00f3 a cabo del 16 al 20 de septiembre en Santo Domingo, capital de Rep\u00fablica Dominicana.<\/em><\/strong><\/li>\n\n\n\n<li><strong><em>Se subray\u00f3 el Kil\u00f3metro 41 como punto clave para la conexi\u00f3n entre el Caribe y el Pac\u00edfico colombiano, adem\u00e1s de presentar oportunidades en inteligencia artificial, ciberseguridad y desarrollo de software a grupos empresariales dominicanos.<\/em><\/strong><\/li>\n<\/ul>\n\n\n\n<p>Invest in Manizales concluy\u00f3 su misi\u00f3n comercial en Rep\u00fablica Dominicana con resultados positivos para la promoci\u00f3n de Manizales y Caldas como destinos de inversi\u00f3n, especialmente en los sectores estrat\u00e9gicos de log\u00edstica y tecnolog\u00eda, gracias al apoyo de la Alcald\u00eda de Manizales, La C\u00e1mara de Comercio de Manizales por Caldas y La Secretar\u00eda de Desarrollo Empleo e Innovaci\u00f3n de Caldas.<\/p>\n\n\n\n<div class=\"wp-block-columns is-layout-flex wp-container-core-columns-is-layout-28f84493 wp-block-columns-is-layout-flex\">\n<div class=\"wp-block-column is-layout-flow wp-block-column-is-layout-flow\">\n<figure class=\"wp-block-image size-large\"><img fetchpriority=\"high\" decoding=\"async\" width=\"819\" height=\"1024\" src=\"https:\/\/investinmanizales.org\/wp-content\/uploads\/2024\/09\/Adozona-1-819x1024.jpeg\" alt=\"\" class=\"wp-image-4356\" srcset=\"https:\/\/investinmanizales.org\/wp-content\/uploads\/2024\/09\/Adozona-1-819x1024.jpeg 819w, https:\/\/investinmanizales.org\/wp-content\/uploads\/2024\/09\/Adozona-1-240x300.jpeg 240w, https:\/\/investinmanizales.org\/wp-content\/uploads\/2024\/09\/Adozona-1-768x960.jpeg 768w, https:\/\/investinmanizales.org\/wp-content\/uploads\/2024\/09\/Adozona-1-10x12.jpeg 10w, https:\/\/investinmanizales.org\/wp-content\/uploads\/2024\/09\/Adozona-1.jpeg 1080w\" sizes=\"(max-width: 819px) 100vw, 819px\" \/><\/figure>\n<\/div>\n\n\n\n<div class=\"wp-block-column is-layout-flow wp-block-column-is-layout-flow\">\n<figure class=\"wp-block-image size-large\"><img decoding=\"async\" width=\"819\" height=\"1024\" src=\"https:\/\/investinmanizales.org\/wp-content\/uploads\/2024\/09\/R6-819x1024.png\" alt=\"\" class=\"wp-image-4357\" srcset=\"https:\/\/investinmanizales.org\/wp-content\/uploads\/2024\/09\/R6-819x1024.png 819w, https:\/\/investinmanizales.org\/wp-content\/uploads\/2024\/09\/R6-240x300.png 240w, https:\/\/investinmanizales.org\/wp-content\/uploads\/2024\/09\/R6-768x960.png 768w, https:\/\/investinmanizales.org\/wp-content\/uploads\/2024\/09\/R6-10x12.png 10w, https:\/\/investinmanizales.org\/wp-content\/uploads\/2024\/09\/R6.png 1080w\" sizes=\"(max-width: 819px) 100vw, 819px\" \/><\/figure>\n<\/div>\n<\/div>\n\n\n\n<p>Durante la misi\u00f3n se prioriz\u00f3 el posicionamiento del Kil\u00f3metro 41 como una ubicaci\u00f3n clave para conectar el Caribe y el Pac\u00edfico Colombiano, destacando el potencial del \u00e1rea como una plataforma log\u00edstica multimodal de gran relevancia para la regi\u00f3n. Este enfoque refuerza la posici\u00f3n de Manizales como un epicentro log\u00edstico para inversionistas interesados en expandir sus operaciones en el pa\u00eds.<br>En el sector tecnol\u00f3gico, se presentaron las oportunidades de inversi\u00f3n en Manizales y Caldas a grandes grupos empresariales dominicanos, con especial inter\u00e9s en proyectos relacionados con inteligencia artificial, ciberseguridad y desarrollo de software. El objetivo es conectar a los empresarios dominicanos con el tejido empresarial local, generando sinergias y oportunidades de negocio.<\/p>\n\n\n\n<figure class=\"wp-block-image size-large\"><img decoding=\"async\" width=\"1024\" height=\"768\" src=\"https:\/\/investinmanizales.org\/wp-content\/uploads\/2024\/09\/Prodominicana-1024x768.jpeg\" alt=\"\" class=\"wp-image-4358\" srcset=\"https:\/\/investinmanizales.org\/wp-content\/uploads\/2024\/09\/Prodominicana-1024x768.jpeg 1024w, https:\/\/investinmanizales.org\/wp-content\/uploads\/2024\/09\/Prodominicana-300x225.jpeg 300w, https:\/\/investinmanizales.org\/wp-content\/uploads\/2024\/09\/Prodominicana-768x576.jpeg 768w, https:\/\/investinmanizales.org\/wp-content\/uploads\/2024\/09\/Prodominicana-1536x1152.jpeg 1536w, https:\/\/investinmanizales.org\/wp-content\/uploads\/2024\/09\/Prodominicana-16x12.jpeg 16w, https:\/\/investinmanizales.org\/wp-content\/uploads\/2024\/09\/Prodominicana.jpeg 1600w\" sizes=\"(max-width: 1024px) 100vw, 1024px\" \/><\/figure>\n\n\n\n<p>A lo largo de la misi\u00f3n, se llevaron a cabo ocho reuniones con actores clave, entre ellos la empresa ITGES, l\u00edder en el sector de tecnolog\u00edas, y la instituci\u00f3n PRODOMINICANA, encargada de promover la inversi\u00f3n y exportaci\u00f3n en Rep\u00fablica Dominicana, as\u00ed como con MARDOM, un referente en log\u00edstica. Estas reuniones permitieron establecer bases s\u00f3lidas para futuras colaboraciones y propiciar espacios de trabajo conjunto.<br><strong><em>\u00abLogramos captar el inter\u00e9s de empresarios e instituciones dominicanas, lo que abre la posibilidad de futuras agendas y encuentros en Manizales y Caldas,\u00bb<\/em><\/strong> expres\u00f3 Irene Mej\u00eda Robledo, directora de Invest in Manizales. La misi\u00f3n comercial se traduce en un paso significativo para fortalecer el desarrollo de la regi\u00f3n y potenciar su atractivo como destino de inversi\u00f3n.<\/p>\n\n\n\n<p><br>La pr\u00f3xima fase ser\u00e1 coordinar una agenda de reuniones en Manizales y Caldas para dar continuidad a estas alianzas y oportunidades de inversi\u00f3n.<\/p>","protected":false},"excerpt":{"rendered":"<p>Invest in Manizales concluy\u00f3 su misi\u00f3n comercial en Rep\u00fablica Dominicana con resultados positivos para la promoci\u00f3n de Manizales y Caldas como destinos de inversi\u00f3n, especialmente en los sectores estrat\u00e9gicos de log\u00edstica y tecnolog\u00eda, gracias al apoyo de la Alcald\u00eda de Manizales, La C\u00e1mara de Comercio de Manizales por Caldas y La Secretar\u00eda de Desarrollo Empleo [&hellip;]<\/p>\n","protected":false},"author":4,"featured_media":4358,"comment_status":"open","ping_status":"open","sticky":false,"template":"","format":"standard","meta":{"footnotes":""},"categories":[33],"tags":[],"class_list":["post-4353","post","type-post","status-publish","format-standard","has-post-thumbnail","hentry","category-noticias"],"yoast_head":"<!-- This site is optimized with the Yoast SEO Premium plugin v22.1 (Yoast SEO v27.5) - https:\/\/yoast.com\/product\/yoast-seo-premium-wordpress\/ -->\n<title>Invest in Manizales culmina exitosa misi\u00f3n comercial en Rep\u00fablica Dominicana, impulsando sectores de log\u00edstica y tecnolog\u00eda. - Invest In Manizales<\/title>\n<meta name=\"robots\" content=\"index, follow, max-snippet:-1, max-image-preview:large, max-video-preview:-1\" \/>\n<link rel=\"canonical\" href=\"https:\/\/investinmanizales.org\/en\/invest-in-manizales-culmina-exitosa-mision-comercial-en-republica-dominicana-impulsando-sectores-de-logistica-y-tecnologia\/\" \/>\n<meta property=\"og:locale\" content=\"en_US\" \/>\n<meta property=\"og:type\" content=\"article\" \/>\n<meta property=\"og:title\" content=\"Invest in Manizales culmina exitosa misi\u00f3n comercial en Rep\u00fablica Dominicana, impulsando sectores de log\u00edstica y tecnolog\u00eda.\" \/>\n<meta property=\"og:description\" content=\"Invest in Manizales concluy\u00f3 su misi\u00f3n comercial en Rep\u00fablica Dominicana con resultados positivos para la promoci\u00f3n de Manizales y Caldas como destinos de inversi\u00f3n, especialmente en los sectores estrat\u00e9gicos de log\u00edstica y tecnolog\u00eda, gracias al apoyo de la Alcald\u00eda de Manizales, La C\u00e1mara de Comercio de Manizales por Caldas y La Secretar\u00eda de Desarrollo Empleo [&hellip;]\" \/>\n<meta property=\"og:url\" content=\"https:\/\/investinmanizales.org\/en\/invest-in-manizales-culmina-exitosa-mision-comercial-en-republica-dominicana-impulsando-sectores-de-logistica-y-tecnologia\/\" \/>\n<meta property=\"og:site_name\" content=\"Invest In Manizales\" \/>\n<meta property=\"article:published_time\" content=\"2024-09-26T22:40:27+00:00\" \/>\n<meta property=\"article:modified_time\" content=\"2024-09-27T13:45:43+00:00\" \/>\n<meta property=\"og:image\" content=\"https:\/\/investinmanizales.org\/wp-content\/uploads\/2024\/09\/Prodominicana.jpeg\" \/>\n\t<meta property=\"og:image:width\" content=\"1600\" \/>\n\t<meta property=\"og:image:height\" content=\"1200\" \/>\n\t<meta property=\"og:image:type\" content=\"image\/jpeg\" \/>\n<meta name=\"author\" content=\"Sectores\" \/>\n<meta name=\"twitter:card\" content=\"summary_large_image\" \/>\n<meta name=\"twitter:label1\" content=\"Written by\" \/>\n\t<meta name=\"twitter:data1\" content=\"Sectores\" \/>\n\t<meta name=\"twitter:label2\" content=\"Est. reading time\" \/>\n\t<meta name=\"twitter:data2\" content=\"3 minutes\" \/>\n<script type=\"application\/ld+json\" class=\"yoast-schema-graph\">{\"@context\":\"https:\\\/\\\/schema.org\",\"@graph\":[{\"@type\":\"Article\",\"@id\":\"https:\\\/\\\/investinmanizales.org\\\/invest-in-manizales-culmina-exitosa-mision-comercial-en-republica-dominicana-impulsando-sectores-de-logistica-y-tecnologia\\\/#article\",\"isPartOf\":{\"@id\":\"https:\\\/\\\/investinmanizales.org\\\/invest-in-manizales-culmina-exitosa-mision-comercial-en-republica-dominicana-impulsando-sectores-de-logistica-y-tecnologia\\\/\"},\"author\":{\"name\":\"Sectores\",\"@id\":\"https:\\\/\\\/investinmanizales.org\\\/#\\\/schema\\\/person\\\/87eed2ef0b76f6ad075dae240cd48110\"},\"headline\":\"Invest in Manizales culmina exitosa misi\u00f3n comercial en Rep\u00fablica Dominicana, impulsando sectores de log\u00edstica y tecnolog\u00eda.\",\"datePublished\":\"2024-09-26T22:40:27+00:00\",\"dateModified\":\"2024-09-27T13:45:43+00:00\",\"mainEntityOfPage\":{\"@id\":\"https:\\\/\\\/investinmanizales.org\\\/invest-in-manizales-culmina-exitosa-mision-comercial-en-republica-dominicana-impulsando-sectores-de-logistica-y-tecnologia\\\/\"},\"wordCount\":427,\"commentCount\":0,\"publisher\":{\"@id\":\"https:\\\/\\\/investinmanizales.org\\\/#organization\"},\"image\":{\"@id\":\"https:\\\/\\\/investinmanizales.org\\\/invest-in-manizales-culmina-exitosa-mision-comercial-en-republica-dominicana-impulsando-sectores-de-logistica-y-tecnologia\\\/#primaryimage\"},\"thumbnailUrl\":\"https:\\\/\\\/investinmanizales.org\\\/wp-content\\\/uploads\\\/2024\\\/09\\\/Prodominicana.jpeg\",\"articleSection\":[\"Noticias\"],\"inLanguage\":\"en-US\",\"potentialAction\":[{\"@type\":\"CommentAction\",\"name\":\"Comment\",\"target\":[\"https:\\\/\\\/investinmanizales.org\\\/invest-in-manizales-culmina-exitosa-mision-comercial-en-republica-dominicana-impulsando-sectores-de-logistica-y-tecnologia\\\/#respond\"]}]},{\"@type\":\"WebPage\",\"@id\":\"https:\\\/\\\/investinmanizales.org\\\/invest-in-manizales-culmina-exitosa-mision-comercial-en-republica-dominicana-impulsando-sectores-de-logistica-y-tecnologia\\\/\",\"url\":\"https:\\\/\\\/investinmanizales.org\\\/invest-in-manizales-culmina-exitosa-mision-comercial-en-republica-dominicana-impulsando-sectores-de-logistica-y-tecnologia\\\/\",\"name\":\"Invest in Manizales culmina exitosa misi\u00f3n comercial en Rep\u00fablica Dominicana, impulsando sectores de log\u00edstica y tecnolog\u00eda. - Invest In Manizales\",\"isPartOf\":{\"@id\":\"https:\\\/\\\/investinmanizales.org\\\/#website\"},\"primaryImageOfPage\":{\"@id\":\"https:\\\/\\\/investinmanizales.org\\\/invest-in-manizales-culmina-exitosa-mision-comercial-en-republica-dominicana-impulsando-sectores-de-logistica-y-tecnologia\\\/#primaryimage\"},\"image\":{\"@id\":\"https:\\\/\\\/investinmanizales.org\\\/invest-in-manizales-culmina-exitosa-mision-comercial-en-republica-dominicana-impulsando-sectores-de-logistica-y-tecnologia\\\/#primaryimage\"},\"thumbnailUrl\":\"https:\\\/\\\/investinmanizales.org\\\/wp-content\\\/uploads\\\/2024\\\/09\\\/Prodominicana.jpeg\",\"datePublished\":\"2024-09-26T22:40:27+00:00\",\"dateModified\":\"2024-09-27T13:45:43+00:00\",\"breadcrumb\":{\"@id\":\"https:\\\/\\\/investinmanizales.org\\\/invest-in-manizales-culmina-exitosa-mision-comercial-en-republica-dominicana-impulsando-sectores-de-logistica-y-tecnologia\\\/#breadcrumb\"},\"inLanguage\":\"en-US\",\"potentialAction\":[{\"@type\":\"ReadAction\",\"target\":[\"https:\\\/\\\/investinmanizales.org\\\/invest-in-manizales-culmina-exitosa-mision-comercial-en-republica-dominicana-impulsando-sectores-de-logistica-y-tecnologia\\\/\"]}]},{\"@type\":\"ImageObject\",\"inLanguage\":\"en-US\",\"@id\":\"https:\\\/\\\/investinmanizales.org\\\/invest-in-manizales-culmina-exitosa-mision-comercial-en-republica-dominicana-impulsando-sectores-de-logistica-y-tecnologia\\\/#primaryimage\",\"url\":\"https:\\\/\\\/investinmanizales.org\\\/wp-content\\\/uploads\\\/2024\\\/09\\\/Prodominicana.jpeg\",\"contentUrl\":\"https:\\\/\\\/investinmanizales.org\\\/wp-content\\\/uploads\\\/2024\\\/09\\\/Prodominicana.jpeg\",\"width\":1600,\"height\":1200},{\"@type\":\"BreadcrumbList\",\"@id\":\"https:\\\/\\\/investinmanizales.org\\\/invest-in-manizales-culmina-exitosa-mision-comercial-en-republica-dominicana-impulsando-sectores-de-logistica-y-tecnologia\\\/#breadcrumb\",\"itemListElement\":[{\"@type\":\"ListItem\",\"position\":1,\"name\":\"Portada\",\"item\":\"https:\\\/\\\/investinmanizales.org\\\/\"},{\"@type\":\"ListItem\",\"position\":2,\"name\":\"Invest in Manizales culmina exitosa misi\u00f3n comercial en Rep\u00fablica Dominicana, impulsando sectores de log\u00edstica y tecnolog\u00eda.\"}]},{\"@type\":\"WebSite\",\"@id\":\"https:\\\/\\\/investinmanizales.org\\\/#website\",\"url\":\"https:\\\/\\\/investinmanizales.org\\\/\",\"name\":\"Invest In Manizales\",\"description\":\"Sitio oficial de Invest in Manizales la agencia encargada de la atracci\u00f3n de inversi\u00f3n para Manizales\",\"publisher\":{\"@id\":\"https:\\\/\\\/investinmanizales.org\\\/#organization\"},\"potentialAction\":[{\"@type\":\"SearchAction\",\"target\":{\"@type\":\"EntryPoint\",\"urlTemplate\":\"https:\\\/\\\/investinmanizales.org\\\/?s={search_term_string}\"},\"query-input\":{\"@type\":\"PropertyValueSpecification\",\"valueRequired\":true,\"valueName\":\"search_term_string\"}}],\"inLanguage\":\"en-US\"},{\"@type\":\"Organization\",\"@id\":\"https:\\\/\\\/investinmanizales.org\\\/#organization\",\"name\":\"Invest In Manizales\",\"url\":\"https:\\\/\\\/investinmanizales.org\\\/\",\"logo\":{\"@type\":\"ImageObject\",\"inLanguage\":\"en-US\",\"@id\":\"https:\\\/\\\/investinmanizales.org\\\/#\\\/schema\\\/logo\\\/image\\\/\",\"url\":\"https:\\\/\\\/investinmanizales.org\\\/wp-content\\\/uploads\\\/2020\\\/12\\\/LogoInvestNegativo.png\",\"contentUrl\":\"https:\\\/\\\/investinmanizales.org\\\/wp-content\\\/uploads\\\/2020\\\/12\\\/LogoInvestNegativo.png\",\"width\":350,\"height\":100,\"caption\":\"Invest In Manizales\"},\"image\":{\"@id\":\"https:\\\/\\\/investinmanizales.org\\\/#\\\/schema\\\/logo\\\/image\\\/\"}},{\"@type\":\"Person\",\"@id\":\"https:\\\/\\\/investinmanizales.org\\\/#\\\/schema\\\/person\\\/87eed2ef0b76f6ad075dae240cd48110\",\"name\":\"Sectores\",\"image\":{\"@type\":\"ImageObject\",\"inLanguage\":\"en-US\",\"@id\":\"https:\\\/\\\/secure.gravatar.com\\\/avatar\\\/8b4fa2bee7692d0690c06457a8a3e0214950c103388762c7b053e2a5bc104180?s=96&d=mm&r=g\",\"url\":\"https:\\\/\\\/secure.gravatar.com\\\/avatar\\\/8b4fa2bee7692d0690c06457a8a3e0214950c103388762c7b053e2a5bc104180?s=96&d=mm&r=g\",\"contentUrl\":\"https:\\\/\\\/secure.gravatar.com\\\/avatar\\\/8b4fa2bee7692d0690c06457a8a3e0214950c103388762c7b053e2a5bc104180?s=96&d=mm&r=g\",\"caption\":\"Sectores\"},\"url\":\"https:\\\/\\\/investinmanizales.org\\\/en\\\/author\\\/sectoresinvestinmanizales-org\\\/\"}]}<\/script>\n<!-- \/ Yoast SEO Premium plugin. -->","yoast_head_json":{"title":"Invest in Manizales culmina exitosa misi\u00f3n comercial en Rep\u00fablica Dominicana, impulsando sectores de log\u00edstica y tecnolog\u00eda. - Invest In Manizales","robots":{"index":"index","follow":"follow","max-snippet":"max-snippet:-1","max-image-preview":"max-image-preview:large","max-video-preview":"max-video-preview:-1"},"canonical":"https:\/\/investinmanizales.org\/en\/invest-in-manizales-culmina-exitosa-mision-comercial-en-republica-dominicana-impulsando-sectores-de-logistica-y-tecnologia\/","og_locale":"en_US","og_type":"article","og_title":"Invest in Manizales culmina exitosa misi\u00f3n comercial en Rep\u00fablica Dominicana, impulsando sectores de log\u00edstica y tecnolog\u00eda.","og_description":"Invest in Manizales concluy\u00f3 su misi\u00f3n comercial en Rep\u00fablica Dominicana con resultados positivos para la promoci\u00f3n de Manizales y Caldas como destinos de inversi\u00f3n, especialmente en los sectores estrat\u00e9gicos de log\u00edstica y tecnolog\u00eda, gracias al apoyo de la Alcald\u00eda de Manizales, La C\u00e1mara de Comercio de Manizales por Caldas y La Secretar\u00eda de Desarrollo Empleo [&hellip;]","og_url":"https:\/\/investinmanizales.org\/en\/invest-in-manizales-culmina-exitosa-mision-comercial-en-republica-dominicana-impulsando-sectores-de-logistica-y-tecnologia\/","og_site_name":"Invest In Manizales","article_published_time":"2024-09-26T22:40:27+00:00","article_modified_time":"2024-09-27T13:45:43+00:00","og_image":[{"width":1600,"height":1200,"url":"https:\/\/investinmanizales.org\/wp-content\/uploads\/2024\/09\/Prodominicana.jpeg","type":"image\/jpeg"}],"author":"Sectores","twitter_card":"summary_large_image","twitter_misc":{"Written by":"Sectores","Est. reading time":"3 minutes"},"schema":{"@context":"https:\/\/schema.org","@graph":[{"@type":"Article","@id":"https:\/\/investinmanizales.org\/invest-in-manizales-culmina-exitosa-mision-comercial-en-republica-dominicana-impulsando-sectores-de-logistica-y-tecnologia\/#article","isPartOf":{"@id":"https:\/\/investinmanizales.org\/invest-in-manizales-culmina-exitosa-mision-comercial-en-republica-dominicana-impulsando-sectores-de-logistica-y-tecnologia\/"},"author":{"name":"Sectores","@id":"https:\/\/investinmanizales.org\/#\/schema\/person\/87eed2ef0b76f6ad075dae240cd48110"},"headline":"Invest in Manizales culmina exitosa misi\u00f3n comercial en Rep\u00fablica Dominicana, impulsando sectores de log\u00edstica y tecnolog\u00eda.","datePublished":"2024-09-26T22:40:27+00:00","dateModified":"2024-09-27T13:45:43+00:00","mainEntityOfPage":{"@id":"https:\/\/investinmanizales.org\/invest-in-manizales-culmina-exitosa-mision-comercial-en-republica-dominicana-impulsando-sectores-de-logistica-y-tecnologia\/"},"wordCount":427,"commentCount":0,"publisher":{"@id":"https:\/\/investinmanizales.org\/#organization"},"image":{"@id":"https:\/\/investinmanizales.org\/invest-in-manizales-culmina-exitosa-mision-comercial-en-republica-dominicana-impulsando-sectores-de-logistica-y-tecnologia\/#primaryimage"},"thumbnailUrl":"https:\/\/investinmanizales.org\/wp-content\/uploads\/2024\/09\/Prodominicana.jpeg","articleSection":["Noticias"],"inLanguage":"en-US","potentialAction":[{"@type":"CommentAction","name":"Comment","target":["https:\/\/investinmanizales.org\/invest-in-manizales-culmina-exitosa-mision-comercial-en-republica-dominicana-impulsando-sectores-de-logistica-y-tecnologia\/#respond"]}]},{"@type":"WebPage","@id":"https:\/\/investinmanizales.org\/invest-in-manizales-culmina-exitosa-mision-comercial-en-republica-dominicana-impulsando-sectores-de-logistica-y-tecnologia\/","url":"https:\/\/investinmanizales.org\/invest-in-manizales-culmina-exitosa-mision-comercial-en-republica-dominicana-impulsando-sectores-de-logistica-y-tecnologia\/","name":"Invest in Manizales culmina exitosa misi\u00f3n comercial en Rep\u00fablica Dominicana, impulsando sectores de log\u00edstica y tecnolog\u00eda. - Invest In Manizales","isPartOf":{"@id":"https:\/\/investinmanizales.org\/#website"},"primaryImageOfPage":{"@id":"https:\/\/investinmanizales.org\/invest-in-manizales-culmina-exitosa-mision-comercial-en-republica-dominicana-impulsando-sectores-de-logistica-y-tecnologia\/#primaryimage"},"image":{"@id":"https:\/\/investinmanizales.org\/invest-in-manizales-culmina-exitosa-mision-comercial-en-republica-dominicana-impulsando-sectores-de-logistica-y-tecnologia\/#primaryimage"},"thumbnailUrl":"https:\/\/investinmanizales.org\/wp-content\/uploads\/2024\/09\/Prodominicana.jpeg","datePublished":"2024-09-26T22:40:27+00:00","dateModified":"2024-09-27T13:45:43+00:00","breadcrumb":{"@id":"https:\/\/investinmanizales.org\/invest-in-manizales-culmina-exitosa-mision-comercial-en-republica-dominicana-impulsando-sectores-de-logistica-y-tecnologia\/#breadcrumb"},"inLanguage":"en-US","potentialAction":[{"@type":"ReadAction","target":["https:\/\/investinmanizales.org\/invest-in-manizales-culmina-exitosa-mision-comercial-en-republica-dominicana-impulsando-sectores-de-logistica-y-tecnologia\/"]}]},{"@type":"ImageObject","inLanguage":"en-US","@id":"https:\/\/investinmanizales.org\/invest-in-manizales-culmina-exitosa-mision-comercial-en-republica-dominicana-impulsando-sectores-de-logistica-y-tecnologia\/#primaryimage","url":"https:\/\/investinmanizales.org\/wp-content\/uploads\/2024\/09\/Prodominicana.jpeg","contentUrl":"https:\/\/investinmanizales.org\/wp-content\/uploads\/2024\/09\/Prodominicana.jpeg","width":1600,"height":1200},{"@type":"BreadcrumbList","@id":"https:\/\/investinmanizales.org\/invest-in-manizales-culmina-exitosa-mision-comercial-en-republica-dominicana-impulsando-sectores-de-logistica-y-tecnologia\/#breadcrumb","itemListElement":[{"@type":"ListItem","position":1,"name":"Portada","item":"https:\/\/investinmanizales.org\/"},{"@type":"ListItem","position":2,"name":"Invest in Manizales culmina exitosa misi\u00f3n comercial en Rep\u00fablica Dominicana, impulsando sectores de log\u00edstica y tecnolog\u00eda."}]},{"@type":"WebSite","@id":"https:\/\/investinmanizales.org\/#website","url":"https:\/\/investinmanizales.org\/","name":"Invest In Manizales","description":"Sitio oficial de Invest in Manizales la agencia encargada de la atracci\u00f3n de inversi\u00f3n para Manizales","publisher":{"@id":"https:\/\/investinmanizales.org\/#organization"},"potentialAction":[{"@type":"SearchAction","target":{"@type":"EntryPoint","urlTemplate":"https:\/\/investinmanizales.org\/?s={search_term_string}"},"query-input":{"@type":"PropertyValueSpecification","valueRequired":true,"valueName":"search_term_string"}}],"inLanguage":"en-US"},{"@type":"Organization","@id":"https:\/\/investinmanizales.org\/#organization","name":"Invest In Manizales","url":"https:\/\/investinmanizales.org\/","logo":{"@type":"ImageObject","inLanguage":"en-US","@id":"https:\/\/investinmanizales.org\/#\/schema\/logo\/image\/","url":"https:\/\/investinmanizales.org\/wp-content\/uploads\/2020\/12\/LogoInvestNegativo.png","contentUrl":"https:\/\/investinmanizales.org\/wp-content\/uploads\/2020\/12\/LogoInvestNegativo.png","width":350,"height":100,"caption":"Invest In Manizales"},"image":{"@id":"https:\/\/investinmanizales.org\/#\/schema\/logo\/image\/"}},{"@type":"Person","@id":"https:\/\/investinmanizales.org\/#\/schema\/person\/87eed2ef0b76f6ad075dae240cd48110","name":"Sectores","image":{"@type":"ImageObject","inLanguage":"en-US","@id":"https:\/\/secure.gravatar.com\/avatar\/8b4fa2bee7692d0690c06457a8a3e0214950c103388762c7b053e2a5bc104180?s=96&d=mm&r=g","url":"https:\/\/secure.gravatar.com\/avatar\/8b4fa2bee7692d0690c06457a8a3e0214950c103388762c7b053e2a5bc104180?s=96&d=mm&r=g","contentUrl":"https:\/\/secure.gravatar.com\/avatar\/8b4fa2bee7692d0690c06457a8a3e0214950c103388762c7b053e2a5bc104180?s=96&d=mm&r=g","caption":"Sectores"},"url":"https:\/\/investinmanizales.org\/en\/author\/sectoresinvestinmanizales-org\/"}]}},"_links":{"self":[{"href":"https:\/\/investinmanizales.org\/en\/wp-json\/wp\/v2\/posts\/4353","targetHints":{"allow":["GET"]}}],"collection":[{"href":"https:\/\/investinmanizales.org\/en\/wp-json\/wp\/v2\/posts"}],"about":[{"href":"https:\/\/investinmanizales.org\/en\/wp-json\/wp\/v2\/types\/post"}],"author":[{"embeddable":true,"href":"https:\/\/investinmanizales.org\/en\/wp-json\/wp\/v2\/users\/4"}],"replies":[{"embeddable":true,"href":"https:\/\/investinmanizales.org\/en\/wp-json\/wp\/v2\/comments?post=4353"}],"version-history":[{"count":1,"href":"https:\/\/investinmanizales.org\/en\/wp-json\/wp\/v2\/posts\/4353\/revisions"}],"predecessor-version":[{"id":4359,"href":"https:\/\/investinmanizales.org\/en\/wp-json\/wp\/v2\/posts\/4353\/revisions\/4359"}],"wp:featuredmedia":[{"embeddable":true,"href":"https:\/\/investinmanizales.org\/en\/wp-json\/wp\/v2\/media\/4358"}],"wp:attachment":[{"href":"https:\/\/investinmanizales.org\/en\/wp-json\/wp\/v2\/media?parent=4353"}],"wp:term":[{"taxonomy":"category","embeddable":true,"href":"https:\/\/investinmanizales.org\/en\/wp-json\/wp\/v2\/categories?post=4353"},{"taxonomy":"post_tag","embeddable":true,"href":"https:\/\/investinmanizales.org\/en\/wp-json\/wp\/v2\/tags?post=4353"}],"curies":[{"name":"wp","href":"https:\/\/api.w.org\/{rel}","templated":true}]}}